{"id":521,"date":"2021-06-02T17:28:31","date_gmt":"2021-06-02T16:28:31","guid":{"rendered":"http:\/\/relais.argoualch.fr\/?p=521"},"modified":"2021-11-18T18:54:05","modified_gmt":"2021-11-18T17:54:05","slug":"articles-sur-mon-livre-les-decroche%c2%b7es-de-lecole","status":"publish","type":"post","link":"https:\/\/relais.argoualch.fr\/?p=521","title":{"rendered":"Articles sur mon livre \u00ab\u00a0Les d\u00e9croch\u00e9\u00b7es de l&rsquo;\u00e9cole\u00a0\u00bb"},"content":{"rendered":"\n<p><\/p>\n\n\n\n<p><a href=\"https:\/\/www.histoiresordinaires.fr\/Un-livre-necessaire-%E2%80%8B-Les-decroche-es-de-l-ecole-de-Monique-Argoualc-h_a2836.html\">Histoires ordinaires<\/a><\/p>\n\n\n\n<p><a href=\"http:\/\/www.cafepedagogique.net\/lexpresso\/Pages\/2021\/04\/29042021Article637552756463056923.aspx?fbclid=IwAR2qCH4lyBP7dcIKGYC6Ih0ZByUlV5xgqg9gtIHTrFjmQriSlK87nsitlO4\">Le Caf\u00e9 p\u00e9dagogique<\/a><\/p>\n\n\n\n<p><a href=\"https:\/\/www.letelegramme.fr\/france\/interview-monique-argoualc-h-l-idee-etait-de-faire-des-decrocheurs-des-acteurs-pedagogiques-en-les-associant-a-des-projets-28-04-2021-12742053.php?fbclid=IwAR2aR2S2gCQmO4ms5DwM8AbrbC_fVIrpG5N1c2ZLsyQo2k9ECFDftpf_wLE\">Le T\u00e9l\u00e9gramme<\/a><\/p>\n\n\n\n<p><a href=\"https:\/\/questionsdeduc.wordpress.com\/2021\/06\/02\/les-decroche%e2%8b%85es-de-lecole\/\">Questions d&rsquo;\u00c9duc<\/a><\/p>\n\n\n\n<p><a href=\"https:\/\/twitter.com\/i\/status\/1460627042328793095\">France <a href=\"https:\/\/twitter.com\/i\/status\/1460627042328793095\"><\/a>3 Iroise<\/a><\/p>\n<div style=\"padding-top:0px;\t\r\npadding-right:0px;\r\npadding-bottom:0px;\r\npadding-left:0px;\r\nmargin-top:0px;\r\nmargin-right:0px;\r\nmargin-bottom:0px;\r\nmargin-left:0px;\"><a href=\"https:\/\/twitter.com\/margoual\" class=\"twitter-follow-button\" \r\n\t\t\t\t\t\tdata-show-count=\"false\"\r\n\t\t\t\t\t\tdata-lang=\"autoLANGauto\"\r\n\t\t\t\t\t\tdata-width=\"250px\"\r\n\t\t\t\t\t\tdata-align=\"left\"\r\n\t\t\t\t\t\tdata-show-screen-name=\"true\"\r\n\t\t\t\t\t\tdata-size=\"medium\"\r\n\t\t\t\t\t\tdata-dnt=\"false\">\r\n\t\t\t\t\t\tFollow @margoual <\/a> <\/div>\r\n\t\t\t\t\t\t<script>\r\n\t\t\t\t\t\t!function(d,s,id) {\r\n\t\t\t\t\t\t  var js,fjs=d.getElementsByTagName(s)[0];\r\n\t\t\t\t\t\t  if(!d.getElementById(id)) {\r\n\t\t\t\t\t\t   js=d.createElement(s);\r\n\t\t\t\t\t\t   js.id=id;js.src=\"\/\/platform.twitter.com\/widgets.js\";\r\n\t\t\t\t\t\t   fjs.parentNode.insertBefore(js,fjs);\r\n\t\t\t\t\t\t  }\r\n\t\t\t\t\t\t}\r\n\t\t\t\t\t\t(document,\"script\",\"twitter-wjs\");\r\n\t\t\t\t\t\t<\/script>","protected":false},"excerpt":{"rendered":"<p>Histoires ordinaires Le Caf\u00e9 p\u00e9dagogique Le T\u00e9l\u00e9gramme Questions d&rsquo;\u00c9duc France 3 Iroise Follow @margoual<\/p>\n","protected":false},"author":1,"featured_media":523,"comment_status":"open","ping_status":"open","sticky":false,"template":"","format":"standard","meta":{"footnotes":""},"categories":[15,7,6,8],"tags":[],"_links":{"self":[{"href":"https:\/\/relais.argoualch.fr\/index.php?rest_route=\/wp\/v2\/posts\/521"}],"collection":[{"href":"https:\/\/relais.argoualch.fr\/index.php?rest_route=\/wp\/v2\/posts"}],"about":[{"href":"https:\/\/relais.argoualch.fr\/index.php?rest_route=\/wp\/v2\/types\/post"}],"author":[{"embeddable":true,"href":"https:\/\/relais.argoualch.fr\/index.php?rest_route=\/wp\/v2\/users\/1"}],"replies":[{"embeddable":true,"href":"https:\/\/relais.argoualch.fr\/index.php?rest_route=%2Fwp%2Fv2%2Fcomments&post=521"}],"version-history":[{"count":4,"href":"https:\/\/relais.argoualch.fr\/index.php?rest_route=\/wp\/v2\/posts\/521\/revisions"}],"predecessor-version":[{"id":548,"href":"https:\/\/relais.argoualch.fr\/index.php?rest_route=\/wp\/v2\/posts\/521\/revisions\/548"}],"wp:featuredmedia":[{"embeddable":true,"href":"https:\/\/relais.argoualch.fr\/index.php?rest_route=\/wp\/v2\/media\/523"}],"wp:attachment":[{"href":"https:\/\/relais.argoualch.fr\/index.php?rest_route=%2Fwp%2Fv2%2Fmedia&parent=521"}],"wp:term":[{"taxonomy":"category","embeddable":true,"href":"https:\/\/relais.argoualch.fr\/index.php?rest_route=%2Fwp%2Fv2%2Fcategories&post=521"},{"taxonomy":"post_tag","embeddable":true,"href":"https:\/\/relais.argoualch.fr\/index.php?rest_route=%2Fwp%2Fv2%2Ftags&post=521"}],"curies":[{"name":"wp","href":"https:\/\/api.w.org\/{rel}","templated":true}]}}