{"id":499,"date":"2021-04-07T07:59:14","date_gmt":"2021-04-07T06:59:14","guid":{"rendered":"http:\/\/relais.argoualch.fr\/?p=499"},"modified":"2021-08-31T09:33:10","modified_gmt":"2021-08-31T08:33:10","slug":"les-decroche-es-de-lecole-15-ans-a-leurs-cotes-2","status":"publish","type":"post","link":"https:\/\/relais.argoualch.fr\/?p=499","title":{"rendered":"Les d\u00e9croch\u00e9.es de l&rsquo;\u00e9cole 15 ans \u00e0 leurs c\u00f4t\u00e9s"},"content":{"rendered":"\n<p>J&rsquo;ai souhait\u00e9 \u00e9crire ce livre pour :<\/p>\n\n\n\n<ul><li>\nContribuer\n\t\u00e0 faire changer les regards sur les \u00e9l\u00e8ves d\u00e9crocheurs\/d\u00e9croch\u00e9s\n\tet montrer que \u00ab&nbsp;des\n\tpossibles&nbsp;\u00bb existent.\n\t<\/li><li>\nFaire\n\tconna\u00eetre les pratiques mises en place dans ma classe relais avec\n\tplus de pr\u00e9cisions que ce\n\tqui pouvait \u00eatre per\u00e7u\n\tde l\u2019ext\u00e9rieur.\n\t<\/li><li>\nMontrer\n\tce qui a contribu\u00e9 \u00e0 apaiser les \u00e9l\u00e8ves et qui leur a permis\n\td\u2019entrer dans des apprentissages.\n\t<\/li><li>\nMontrer\n\tune \u00e9cole diff\u00e9rente qui r\u00e9pond aux besoins d\u2019\u00e9l\u00e8ves et qui\n\tse soucie de toutes et de tous.\n\t<\/li><li>\nParticiper\n\t\u00e0 la r\u00e9flexion,\n\taux recherches, pour que le coll\u00e8ge r\u00e9ponde aux besoins de\n\ttous les \u00e9l\u00e8ves.\n\t<\/li><li>\nPrendre\n\tla parole dans le d\u00e9bat sur l\u2019\u00e9cole car la parole entendue et\n\trelay\u00e9e est souvent celle de personnes tr\u00e8s \u00e9loign\u00e9es du\n\tterrain.\n<\/li><\/ul>\n\n\n\n<ul class=\"wp-block-gallery columns-1 is-cropped wp-block-gallery-1 is-layout-flex wp-block-gallery-is-layout-flex\"><li class=\"blocks-gallery-item\"><figure><img decoding=\"async\" loading=\"lazy\" width=\"1024\" height=\"783\" src=\"http:\/\/relais.argoualch.fr\/wp-content\/uploads\/2021\/05\/livreprovisoire2-1024x783.jpg\" alt=\"\" data-id=\"511\" data-link=\"http:\/\/relais.argoualch.fr\/?attachment_id=511\" class=\"wp-image-511\" srcset=\"https:\/\/relais.argoualch.fr\/wp-content\/uploads\/2021\/05\/livreprovisoire2-1024x783.jpg 1024w, https:\/\/relais.argoualch.fr\/wp-content\/uploads\/2021\/05\/livreprovisoire2-300x230.jpg 300w, https:\/\/relais.argoualch.fr\/wp-content\/uploads\/2021\/05\/livreprovisoire2-768x588.jpg 768w\" sizes=\"(max-width: 1024px) 100vw, 1024px\" \/><\/figure><\/li><\/ul>\n\n\n\n<p>Merci \u00e0 toutes les personnes qui m&rsquo;ont encourag\u00e9e \u00e0 faire cet \u00e9crit, et remerciements particuliers \u00e0 Philippe Meirieu pour sa pr\u00e9face, Jean-Michel Le Baut pour la pr\u00e9sentation sur la 4e de couverture et \u00e0 Youen Siche-Jouan pour les illustrations et la mise en page.<\/p>\n\n\n\n<p class=\"has-medium-font-size\">Ce livre est auto-\u00e9dit\u00e9, pour se le procurer, il est \u00e0 la Petite Librairie Brest Saint Martin, au Beaj&rsquo;Kaf\u00e9 Brest et Dialogues Brest et Morlaix pour le moment, autrement c&rsquo;est via un courriel \u00e0 relais@argoualch.fr<\/p>\n<div style=\"padding-top:0px;\t\r\npadding-right:0px;\r\npadding-bottom:0px;\r\npadding-left:0px;\r\nmargin-top:0px;\r\nmargin-right:0px;\r\nmargin-bottom:0px;\r\nmargin-left:0px;\"><a href=\"https:\/\/twitter.com\/margoual\" class=\"twitter-follow-button\" \r\n\t\t\t\t\t\tdata-show-count=\"false\"\r\n\t\t\t\t\t\tdata-lang=\"autoLANGauto\"\r\n\t\t\t\t\t\tdata-width=\"250px\"\r\n\t\t\t\t\t\tdata-align=\"left\"\r\n\t\t\t\t\t\tdata-show-screen-name=\"true\"\r\n\t\t\t\t\t\tdata-size=\"medium\"\r\n\t\t\t\t\t\tdata-dnt=\"false\">\r\n\t\t\t\t\t\tFollow @margoual <\/a> <\/div>\r\n\t\t\t\t\t\t<script>\r\n\t\t\t\t\t\t!function(d,s,id) {\r\n\t\t\t\t\t\t  var js,fjs=d.getElementsByTagName(s)[0];\r\n\t\t\t\t\t\t  if(!d.getElementById(id)) {\r\n\t\t\t\t\t\t   js=d.createElement(s);\r\n\t\t\t\t\t\t   js.id=id;js.src=\"\/\/platform.twitter.com\/widgets.js\";\r\n\t\t\t\t\t\t   fjs.parentNode.insertBefore(js,fjs);\r\n\t\t\t\t\t\t  }\r\n\t\t\t\t\t\t}\r\n\t\t\t\t\t\t(document,\"script\",\"twitter-wjs\");\r\n\t\t\t\t\t\t<\/script>","protected":false},"excerpt":{"rendered":"<p>J&rsquo;ai souhait\u00e9 \u00e9crire ce livre pour : Contribuer \u00e0 faire changer les regards sur les \u00e9l\u00e8ves d\u00e9crocheurs\/d\u00e9croch\u00e9s et montrer que \u00ab&nbsp;des possibles&nbsp;\u00bb existent. Faire conna\u00eetre les pratiques mises en place dans ma classe relais avec plus de pr\u00e9cisions que ce qui pouvait \u00eatre per\u00e7u de l\u2019ext\u00e9rieur. Montrer ce qui a contribu\u00e9 \u00e0 apaiser les \u00e9l\u00e8ves<a class=\"rmore\" href=\"https:\/\/relais.argoualch.fr\/?p=499\">&nbsp;&nbsp; Lire la suite &#8230;<\/a><\/p>\n","protected":false},"author":1,"featured_media":500,"comment_status":"open","ping_status":"open","sticky":false,"template":"","format":"standard","meta":{"footnotes":""},"categories":[15,7,8],"tags":[],"_links":{"self":[{"href":"https:\/\/relais.argoualch.fr\/index.php?rest_route=\/wp\/v2\/posts\/499"}],"collection":[{"href":"https:\/\/relais.argoualch.fr\/index.php?rest_route=\/wp\/v2\/posts"}],"about":[{"href":"https:\/\/relais.argoualch.fr\/index.php?rest_route=\/wp\/v2\/types\/post"}],"author":[{"embeddable":true,"href":"https:\/\/relais.argoualch.fr\/index.php?rest_route=\/wp\/v2\/users\/1"}],"replies":[{"embeddable":true,"href":"https:\/\/relais.argoualch.fr\/index.php?rest_route=%2Fwp%2Fv2%2Fcomments&post=499"}],"version-history":[{"count":8,"href":"https:\/\/relais.argoualch.fr\/index.php?rest_route=\/wp\/v2\/posts\/499\/revisions"}],"predecessor-version":[{"id":537,"href":"https:\/\/relais.argoualch.fr\/index.php?rest_route=\/wp\/v2\/posts\/499\/revisions\/537"}],"wp:featuredmedia":[{"embeddable":true,"href":"https:\/\/relais.argoualch.fr\/index.php?rest_route=\/wp\/v2\/media\/500"}],"wp:attachment":[{"href":"https:\/\/relais.argoualch.fr\/index.php?rest_route=%2Fwp%2Fv2%2Fmedia&parent=499"}],"wp:term":[{"taxonomy":"category","embeddable":true,"href":"https:\/\/relais.argoualch.fr\/index.php?rest_route=%2Fwp%2Fv2%2Fcategories&post=499"},{"taxonomy":"post_tag","embeddable":true,"href":"https:\/\/relais.argoualch.fr\/index.php?rest_route=%2Fwp%2Fv2%2Ftags&post=499"}],"curies":[{"name":"wp","href":"https:\/\/api.w.org\/{rel}","templated":true}]}}